{"id":416,"date":"2025-04-16T19:07:43","date_gmt":"2025-04-16T19:07:43","guid":{"rendered":"https:\/\/snadv.com.br\/novo\/?p=416"},"modified":"2025-04-16T19:07:43","modified_gmt":"2025-04-16T19:07:43","slug":"katarina-b-a-do-nascimento","status":"publish","type":"post","link":"https:\/\/snadv.com.br\/novo\/2025\/04\/16\/katarina-b-a-do-nascimento\/","title":{"rendered":"Katarina B. A. Do Nascimento"},"content":{"rendered":"\n\n\n\nBacharela em Direito pela Faculdade de Ci\u00eancias Jur\u00eddicas e Sociais Vianna J\u00fanior;\n\n\n\nP\u00f3s\u2013Graduada em Direito Empresarial pela Funda\u00e7\u00e3o Get\u00falio Vargas;\n\n\n\nLL.M (Master of Law) em Direito Corporativo pelo IBMEC \u2013 Rio de Janeiro;\n\n\n\nFez curso de Extens\u00e3o \u2013 Finan\u00e7as para Advogados pela Alumni COPPEAD \u2013 RJ\n\n\n\nParticipante ativa de diversos congressos e workshops de Direito Empresarial, Direito e Planejamento Tribut\u00e1rio e Contabilidade;\n\n\n\nParticipou do curso A Engenharia do Planejamento Sucess\u00f3rio;\n\n\n\nAtua h\u00e1 24 anos em advocacia especializada em Direito Tribut\u00e1rio e foi durante 3 anos diretora jur\u00eddica em empresa de Consultoria Empresarial\n\n\n\nS\u00f3cia da Sefair &amp; Nascimento Advogados, inscrita na OAB\/MG sob o n\u00ba. 106.263\n\n\n\n\n<p><\/p>\n","protected":false},"excerpt":{"rendered":"","protected":false},"author":1,"featured_media":1065,"comment_status":"open","ping_status":"open","sticky":false,"template":"","format":"standard","meta":{"pagelayer_contact_templates":[],"_pagelayer_content":"","cybocfi_hide_featured_image":"","footnotes":""},"categories":[14],"tags":[],"class_list":["post-416","post","type-post","status-publish","format-standard","has-post-thumbnail","hentry","category-nossa-equipe"],"_links":{"self":[{"href":"https:\/\/snadv.com.br\/novo\/wp-json\/wp\/v2\/posts\/416","targetHints":{"allow":["GET"]}}],"collection":[{"href":"https:\/\/snadv.com.br\/novo\/wp-json\/wp\/v2\/posts"}],"about":[{"href":"https:\/\/snadv.com.br\/novo\/wp-json\/wp\/v2\/types\/post"}],"author":[{"embeddable":true,"href":"https:\/\/snadv.com.br\/novo\/wp-json\/wp\/v2\/users\/1"}],"replies":[{"embeddable":true,"href":"https:\/\/snadv.com.br\/novo\/wp-json\/wp\/v2\/comments?post=416"}],"version-history":[{"count":3,"href":"https:\/\/snadv.com.br\/novo\/wp-json\/wp\/v2\/posts\/416\/revisions"}],"predecessor-version":[{"id":1099,"href":"https:\/\/snadv.com.br\/novo\/wp-json\/wp\/v2\/posts\/416\/revisions\/1099"}],"wp:featuredmedia":[{"embeddable":true,"href":"https:\/\/snadv.com.br\/novo\/wp-json\/wp\/v2\/media\/1065"}],"wp:attachment":[{"href":"https:\/\/snadv.com.br\/novo\/wp-json\/wp\/v2\/media?parent=416"}],"wp:term":[{"taxonomy":"category","embeddable":true,"href":"https:\/\/snadv.com.br\/novo\/wp-json\/wp\/v2\/categories?post=416"},{"taxonomy":"post_tag","embeddable":true,"href":"https:\/\/snadv.com.br\/novo\/wp-json\/wp\/v2\/tags?post=416"}],"curies":[{"name":"wp","href":"https:\/\/api.w.org\/{rel}","templated":true}]}}