{"id":402,"date":"2025-04-16T19:08:32","date_gmt":"2025-04-16T19:08:32","guid":{"rendered":"https:\/\/snadv.com.br\/novo\/?p=402"},"modified":"2025-04-25T17:01:28","modified_gmt":"2025-04-25T17:01:28","slug":"dr-sergio-sefair","status":"publish","type":"post","link":"https:\/\/snadv.com.br\/novo\/2025\/04\/16\/dr-sergio-sefair\/","title":{"rendered":"S\u00e9rgio Sefair"},"content":{"rendered":"\n\n\n\nBacharel em Direito pela Faculdade de Ci\u00eancias Jur\u00eddicas e Sociais Vianna J\u00fanior\n\n\n\nP\u00f3s\u2013Graduado em Direito Empresarial pela Funda\u00e7\u00e3o Get\u00falio Vargas\n\n\n\nParticipante da Forma\u00e7\u00e3o em Desenvolvimento Pleno, Humano e Organizacional \u2013 Certified Coach, mentor &amp; Counselor pelo Instituto de Administra\u00e7\u00e3o de S\u00e3o Paulo \u2013 INSTIAD\n\n\n\nParticipante ativo de diversos semin\u00e1rios e congressos de Direito Tribut\u00e1rio, Direito Empresarial, Gest\u00e3o de Startups, Neg\u00f3cios Digitais e Empreendedorismo\n\n\n\nCursou EMPRETEC do Sebrae\/ONU em 2018\n\n\n\nAtua h\u00e1 28 anos em Advocacia especializada em Direito Empresarial\n\n\n\nArticulista com diversos artigos publicados em revistas especializadas\n\n\n\nDiretor de Expans\u00e3o do BNI \u2013 Business Network International \u2013 na Zona da Mata e Campo das Vertentes-MG;\n\n\n\nPresidente da Comiss\u00e3o de Direito Empresarial da OAB\/MG \u2013 Juiz de Fora- Tri\u00eanio 2025\/2027\n\n\n\nS\u00f3cio da Sefair &amp; Nascimento Advogados, inscrito na OAB MG sob o n\u00ba 75.979\n\n\n\n\n<p><\/p>\n","protected":false},"excerpt":{"rendered":"","protected":false},"author":1,"featured_media":1071,"comment_status":"open","ping_status":"open","sticky":false,"template":"","format":"standard","meta":{"pagelayer_contact_templates":[],"_pagelayer_content":"","cybocfi_hide_featured_image":"","footnotes":""},"categories":[14],"tags":[],"class_list":["post-402","post","type-post","status-publish","format-standard","has-post-thumbnail","hentry","category-nossa-equipe"],"_links":{"self":[{"href":"https:\/\/snadv.com.br\/novo\/wp-json\/wp\/v2\/posts\/402","targetHints":{"allow":["GET"]}}],"collection":[{"href":"https:\/\/snadv.com.br\/novo\/wp-json\/wp\/v2\/posts"}],"about":[{"href":"https:\/\/snadv.com.br\/novo\/wp-json\/wp\/v2\/types\/post"}],"author":[{"embeddable":true,"href":"https:\/\/snadv.com.br\/novo\/wp-json\/wp\/v2\/users\/1"}],"replies":[{"embeddable":true,"href":"https:\/\/snadv.com.br\/novo\/wp-json\/wp\/v2\/comments?post=402"}],"version-history":[{"count":4,"href":"https:\/\/snadv.com.br\/novo\/wp-json\/wp\/v2\/posts\/402\/revisions"}],"predecessor-version":[{"id":1220,"href":"https:\/\/snadv.com.br\/novo\/wp-json\/wp\/v2\/posts\/402\/revisions\/1220"}],"wp:featuredmedia":[{"embeddable":true,"href":"https:\/\/snadv.com.br\/novo\/wp-json\/wp\/v2\/media\/1071"}],"wp:attachment":[{"href":"https:\/\/snadv.com.br\/novo\/wp-json\/wp\/v2\/media?parent=402"}],"wp:term":[{"taxonomy":"category","embeddable":true,"href":"https:\/\/snadv.com.br\/novo\/wp-json\/wp\/v2\/categories?post=402"},{"taxonomy":"post_tag","embeddable":true,"href":"https:\/\/snadv.com.br\/novo\/wp-json\/wp\/v2\/tags?post=402"}],"curies":[{"name":"wp","href":"https:\/\/api.w.org\/{rel}","templated":true}]}}