{"id":1289,"date":"2025-09-19T02:13:32","date_gmt":"2025-09-19T02:13:32","guid":{"rendered":"https:\/\/snadv.com.br\/novo\/?p=1289"},"modified":"2025-09-19T02:13:32","modified_gmt":"2025-09-19T02:13:32","slug":"stf-suspende-processos-sobre-contratacao-de-autonomos-e-pjs-o-que-sua-empresa-precisa-saber","status":"publish","type":"post","link":"https:\/\/snadv.com.br\/novo\/2025\/09\/19\/stf-suspende-processos-sobre-contratacao-de-autonomos-e-pjs-o-que-sua-empresa-precisa-saber\/","title":{"rendered":"STF Suspende Processos sobre Contrata\u00e7\u00e3o de Aut\u00f4nomos e PJs: O que sua empresa precisa saber"},"content":{"rendered":"\n<p>Em decis\u00e3o recente, o Supremo Tribunal Federal (STF) determinou a <strong>suspens\u00e3o de todos os processos em tr\u00e2mite no pa\u00eds<\/strong> que discutem a <strong>legalidade da contrata\u00e7\u00e3o de trabalhadores aut\u00f4nomos ou pessoas jur\u00eddicas (PJs)<\/strong> para presta\u00e7\u00e3o de servi\u00e7os.<\/p>\n\n\n\n<p>Essa decis\u00e3o foi tomada no \u00e2mbito do <strong>Recurso Extraordin\u00e1rio com Agravo n\u00ba 1.532.603<\/strong>, que deu origem ao <strong>Tema 1389 de repercuss\u00e3o geral<\/strong>. O caso envolve a an\u00e1lise da poss\u00edvel <strong>fraude em contratos civis\/comerciais de presta\u00e7\u00e3o de servi\u00e7os<\/strong>, incluindo a chamada \u201cpejotiza\u00e7\u00e3o\u201d.<\/p>\n\n\n\n<p><strong>\u2696\ufe0f O que est\u00e1 em jogo?<\/strong><\/p>\n\n\n\n<p>O STF ir\u00e1 julgar tr\u00eas pontos centrais:<\/p>\n\n\n\n<ol start=\"1\" class=\"wp-block-list\">\n<li><strong>Se \u00e9 v\u00e1lida a contrata\u00e7\u00e3o de aut\u00f4nomos ou PJs<\/strong> para presta\u00e7\u00e3o de servi\u00e7os;<\/li>\n\n\n\n<li><strong>Se a Justi\u00e7a do Trabalho tem compet\u00eancia para julgar esses casos<\/strong>;<\/li>\n\n\n\n<li><strong>Quem deve provar a alega\u00e7\u00e3o de fraude<\/strong>: o trabalhador ou a empresa contratante?<\/li>\n<\/ol>\n\n\n\n<p>At\u00e9 que o STF decida sobre esses temas, <strong>todas as a\u00e7\u00f5es em andamento que discutam a validade desse tipo de contrata\u00e7\u00e3o est\u00e3o suspensas<\/strong>.<\/p>\n\n\n\n<p><strong>\u2696\ufe0f O que est\u00e1 em jogo?<\/strong><\/p>\n\n\n\n<p>O STF ir\u00e1 julgar tr\u00eas pontos centrais:<\/p>\n\n\n\n<ol start=\"1\" class=\"wp-block-list\">\n<li><strong>Se \u00e9 v\u00e1lida a contrata\u00e7\u00e3o de aut\u00f4nomos ou PJs<\/strong> para presta\u00e7\u00e3o de servi\u00e7os;<\/li>\n\n\n\n<li><strong>Se a Justi\u00e7a do Trabalho tem compet\u00eancia para julgar esses casos<\/strong>;<\/li>\n\n\n\n<li><strong>Quem deve provar a alega\u00e7\u00e3o de fraude<\/strong>: o trabalhador ou a empresa contratante?<\/li>\n<\/ol>\n\n\n\n<p>At\u00e9 que o STF decida sobre esses temas, <strong>todas as a\u00e7\u00f5es em andamento que discutam a validade desse tipo de contrata\u00e7\u00e3o est\u00e3o suspensas<\/strong>.<\/p>\n\n\n\n<p><strong>\u2696\ufe0f O que est\u00e1 em jogo?<\/strong><\/p>\n\n\n\n<p>O STF ir\u00e1 julgar tr\u00eas pontos centrais:<\/p>\n\n\n\n<ol start=\"1\" class=\"wp-block-list\">\n<li><strong>Se \u00e9 v\u00e1lida a contrata\u00e7\u00e3o de aut\u00f4nomos ou PJs<\/strong> para presta\u00e7\u00e3o de servi\u00e7os;<\/li>\n\n\n\n<li><strong>Se a Justi\u00e7a do Trabalho tem compet\u00eancia para julgar esses casos<\/strong>;<\/li>\n\n\n\n<li><strong>Quem deve provar a alega\u00e7\u00e3o de fraude<\/strong>: o trabalhador ou a empresa contratante?<\/li>\n<\/ol>\n\n\n\n<p>At\u00e9 que o STF decida sobre esses temas, <strong>todas as a\u00e7\u00f5es em andamento que discutam a validade desse tipo de contrata\u00e7\u00e3o est\u00e3o suspensas<\/strong>.<\/p>\n\n\n\n<p><strong>\u2696\ufe0f O que est\u00e1 em jogo?<\/strong><\/p>\n\n\n\n<p>O STF ir\u00e1 julgar tr\u00eas pontos centrais:<\/p>\n\n\n\n<ol start=\"1\" class=\"wp-block-list\">\n<li><strong>Se \u00e9 v\u00e1lida a contrata\u00e7\u00e3o de aut\u00f4nomos ou PJs<\/strong> para presta\u00e7\u00e3o de servi\u00e7os;<\/li>\n\n\n\n<li><strong>Se a Justi\u00e7a do Trabalho tem compet\u00eancia para julgar esses casos<\/strong>;<\/li>\n\n\n\n<li><strong>Quem deve provar a alega\u00e7\u00e3o de fraude<\/strong>: o trabalhador ou a empresa contratante?<\/li>\n<\/ol>\n\n\n\n<p>At\u00e9 que o STF decida sobre esses temas, <strong>todas as a\u00e7\u00f5es em andamento que discutam a validade desse tipo de contrata\u00e7\u00e3o est\u00e3o suspensas<\/strong>.<\/p>\n\n\n\n<p><strong>\u2696\ufe0f O que est\u00e1 em jogo?<\/strong><\/p>\n\n\n\n<p>O STF ir\u00e1 julgar tr\u00eas pontos centrais:<\/p>\n\n\n\n<ol start=\"1\" class=\"wp-block-list\">\n<li><strong>Se \u00e9 v\u00e1lida a contrata\u00e7\u00e3o de aut\u00f4nomos ou PJs<\/strong> para presta\u00e7\u00e3o de servi\u00e7os;<\/li>\n\n\n\n<li><strong>Se a Justi\u00e7a do Trabalho tem compet\u00eancia para julgar esses casos<\/strong>;<\/li>\n\n\n\n<li><strong>Quem deve provar a alega\u00e7\u00e3o de fraude<\/strong>: o trabalhador ou a empresa contratante?<\/li>\n<\/ol>\n\n\n\n<p>At\u00e9 que o STF decida sobre esses temas, <strong>todas as a\u00e7\u00f5es em andamento que discutam a validade desse tipo de contrata\u00e7\u00e3o est\u00e3o suspensas<\/strong>.<\/p>\n\n\n\n<p>Marina Bomtempo<br>\u00a006\/05\/2025<\/p>\n","protected":false},"excerpt":{"rendered":"<p>Em decis\u00e3o recente, o Supremo Tribunal Federal (STF) determinou a suspens\u00e3o de todos os processos em tr\u00e2mite no pa\u00eds que discutem a legalidade da contrata\u00e7\u00e3o de trabalhadores aut\u00f4nomos ou pessoas jur\u00eddicas (PJs) para presta\u00e7\u00e3o de servi\u00e7os. Essa decis\u00e3o foi tomada no \u00e2mbito do Recurso Extraordin\u00e1rio com Agravo n\u00ba 1.532.603, que deu origem ao Tema 1389 [&hellip;]<\/p>\n","protected":false},"author":1,"featured_media":0,"comment_status":"open","ping_status":"open","sticky":false,"template":"","format":"standard","meta":{"pagelayer_contact_templates":[],"_pagelayer_content":"","cybocfi_hide_featured_image":"","footnotes":""},"categories":[23],"tags":[],"class_list":["post-1289","post","type-post","status-publish","format-standard","hentry","category-artigos"],"_links":{"self":[{"href":"https:\/\/snadv.com.br\/novo\/wp-json\/wp\/v2\/posts\/1289","targetHints":{"allow":["GET"]}}],"collection":[{"href":"https:\/\/snadv.com.br\/novo\/wp-json\/wp\/v2\/posts"}],"about":[{"href":"https:\/\/snadv.com.br\/novo\/wp-json\/wp\/v2\/types\/post"}],"author":[{"embeddable":true,"href":"https:\/\/snadv.com.br\/novo\/wp-json\/wp\/v2\/users\/1"}],"replies":[{"embeddable":true,"href":"https:\/\/snadv.com.br\/novo\/wp-json\/wp\/v2\/comments?post=1289"}],"version-history":[{"count":1,"href":"https:\/\/snadv.com.br\/novo\/wp-json\/wp\/v2\/posts\/1289\/revisions"}],"predecessor-version":[{"id":1290,"href":"https:\/\/snadv.com.br\/novo\/wp-json\/wp\/v2\/posts\/1289\/revisions\/1290"}],"wp:attachment":[{"href":"https:\/\/snadv.com.br\/novo\/wp-json\/wp\/v2\/media?parent=1289"}],"wp:term":[{"taxonomy":"category","embeddable":true,"href":"https:\/\/snadv.com.br\/novo\/wp-json\/wp\/v2\/categories?post=1289"},{"taxonomy":"post_tag","embeddable":true,"href":"https:\/\/snadv.com.br\/novo\/wp-json\/wp\/v2\/tags?post=1289"}],"curies":[{"name":"wp","href":"https:\/\/api.w.org\/{rel}","templated":true}]}}