{"id":1287,"date":"2025-09-19T00:08:26","date_gmt":"2025-09-19T00:08:26","guid":{"rendered":"https:\/\/snadv.com.br\/novo\/?p=1287"},"modified":"2025-09-19T00:08:26","modified_gmt":"2025-09-19T00:08:26","slug":"o-que-voce-precisa-saber-sobre-a-reforma-tributaria","status":"publish","type":"post","link":"https:\/\/snadv.com.br\/novo\/2025\/09\/19\/o-que-voce-precisa-saber-sobre-a-reforma-tributaria\/","title":{"rendered":"O que voc\u00ea precisa saber sobre a Reforma Tribut\u00e1ria"},"content":{"rendered":"\n<p>Sendo um assunto amplamente discutido nas \u00faltimas d\u00e9cadas, o debate sobre a reforma tribut\u00e1ria findou com a previs\u00e3o de um sistema de transi\u00e7\u00e3o no sistema tribut\u00e1rio vigente at\u00e9 2032.<\/p>\n\n\n\n<p>Com a reforma, \u00e9 prevista a unifica\u00e7\u00e3o do PIS, Cofins, IPI, ICMS e ISS no IBS, no \u00e2mbito estadual, e na CBS, no federal. As mudan\u00e7as buscam, ainda, reduzir os impactos da guerra fiscal entre os entes, bem como simplificar o sistema de tributa\u00e7\u00e3o, inclusive pela redu\u00e7\u00e3o da cumulatividade com um abatimento de cr\u00e9ditos ao longo da cadeia produtiva.<\/p>\n\n\n\n<p>Em termos pr\u00e1ticos, para alguns setores e consumidores a reforma pode resultar em uma redu\u00e7\u00e3o da carga tribut\u00e1ria, enquanto para outros pode haver aumento. Por exemplo, empresas no Simples Nacional dever\u00e3o reavaliar seu enquadramento, pelo risco de, com a adapta\u00e7\u00e3o entre os regimes, sofrerem uma dificuldade competitiva pela impossibilidade de transfer\u00eancia de cr\u00e9ditos para empresas no lucro real e presumido.<\/p>\n\n\n\n<p>A longo prazo, por\u00e9m, empresas que hoje enfrentam grande complexidade burocr\u00e1tica podem ter um al\u00edvio nos custos administrativos, mesmo que a carga tribut\u00e1ria permane\u00e7a est\u00e1vel.<\/p>\n\n\n\n<p>A forma como as escolha sobre o regime de recolhimento de tributos poder\u00e1 impactar a adapta\u00e7\u00e3o das empresas, por\u00e9m, depende de uma an\u00e1lise detida da junto a profissionais qualificados e atualizados quanto \u00e0s mudan\u00e7as trazidas \u00a0pela reforma.<\/p>\n\n\n\n<p>Maria Vit\u00f3ria<br>20 de fevereiro de 2025<\/p>\n","protected":false},"excerpt":{"rendered":"<p>Sendo um assunto amplamente discutido nas \u00faltimas d\u00e9cadas, o debate sobre a reforma tribut\u00e1ria findou com a previs\u00e3o de um sistema de transi\u00e7\u00e3o no sistema tribut\u00e1rio vigente at\u00e9 2032. Com a reforma, \u00e9 prevista a unifica\u00e7\u00e3o do PIS, Cofins, IPI, ICMS e ISS no IBS, no \u00e2mbito estadual, e na CBS, no federal. As mudan\u00e7as [&hellip;]<\/p>\n","protected":false},"author":1,"featured_media":0,"comment_status":"open","ping_status":"open","sticky":false,"template":"","format":"standard","meta":{"pagelayer_contact_templates":[],"_pagelayer_content":"","cybocfi_hide_featured_image":"","footnotes":""},"categories":[23],"tags":[],"class_list":["post-1287","post","type-post","status-publish","format-standard","hentry","category-artigos"],"_links":{"self":[{"href":"https:\/\/snadv.com.br\/novo\/wp-json\/wp\/v2\/posts\/1287","targetHints":{"allow":["GET"]}}],"collection":[{"href":"https:\/\/snadv.com.br\/novo\/wp-json\/wp\/v2\/posts"}],"about":[{"href":"https:\/\/snadv.com.br\/novo\/wp-json\/wp\/v2\/types\/post"}],"author":[{"embeddable":true,"href":"https:\/\/snadv.com.br\/novo\/wp-json\/wp\/v2\/users\/1"}],"replies":[{"embeddable":true,"href":"https:\/\/snadv.com.br\/novo\/wp-json\/wp\/v2\/comments?post=1287"}],"version-history":[{"count":1,"href":"https:\/\/snadv.com.br\/novo\/wp-json\/wp\/v2\/posts\/1287\/revisions"}],"predecessor-version":[{"id":1288,"href":"https:\/\/snadv.com.br\/novo\/wp-json\/wp\/v2\/posts\/1287\/revisions\/1288"}],"wp:attachment":[{"href":"https:\/\/snadv.com.br\/novo\/wp-json\/wp\/v2\/media?parent=1287"}],"wp:term":[{"taxonomy":"category","embeddable":true,"href":"https:\/\/snadv.com.br\/novo\/wp-json\/wp\/v2\/categories?post=1287"},{"taxonomy":"post_tag","embeddable":true,"href":"https:\/\/snadv.com.br\/novo\/wp-json\/wp\/v2\/tags?post=1287"}],"curies":[{"name":"wp","href":"https:\/\/api.w.org\/{rel}","templated":true}]}}