{"id":1285,"date":"2025-09-19T00:02:39","date_gmt":"2025-09-19T00:02:39","guid":{"rendered":"https:\/\/snadv.com.br\/novo\/?p=1285"},"modified":"2025-09-19T00:02:39","modified_gmt":"2025-09-19T00:02:39","slug":"o-fim-do-perse-e-a-seguranca-juridica-dos-contribuintes","status":"publish","type":"post","link":"https:\/\/snadv.com.br\/novo\/2025\/09\/19\/o-fim-do-perse-e-a-seguranca-juridica-dos-contribuintes\/","title":{"rendered":"O fim do PERSE\u00a0 e a seguran\u00e7a jur\u00eddica dos contribuintes"},"content":{"rendered":"\n<p>O Supremo Tribunal Federal, firmou, recentemente, importante precedente para interpreta\u00e7\u00e3o das altera\u00e7\u00f5es legislativas em mat\u00e9ria tribut\u00e1ria. Segundo os Ministros do STF, os princ\u00edpios da anterioridade anual e nonagesimal, que prev\u00eaem par\u00e2metros m\u00ednimos de antecipa\u00e7\u00e3o, pelo contribuinte, \u00e0 cria\u00e7\u00e3o ou aumento de tributos tamb\u00e9m devem ser observados nos casos de revoga\u00e7\u00e3o ou redu\u00e7\u00e3o de benef\u00edcios fiscais, salvo quando houver previs\u00e3o legal expressa em sentido diverso.<\/p>\n\n\n\n<p>Essa decis\u00e3o pode representar importante salvaguarda para as empresas que tenham benef\u00edcios fiscais extintos ou alterados de forma imediata e inesperada.<\/p>\n\n\n\n<p>Especificamente quanto ao fim do PERSE, programa que representava sens\u00edvel redu\u00e7\u00e3o de tributos federais aos setores de eventos e turismo, cujo encerramento\u00a0 \u00a0foi vinculado a um teto de gastos, sem indicar com clareza quando esse limite seria atingido.<\/p>\n\n\n\n<p>Com base no recente julgamento do STF, importante parcela da doutrina aponta que a medida afronta tanto os princ\u00edpios da anterioridade quanto o da seguran\u00e7a jur\u00eddica, uma vez que havia expectativa leg\u00edtima de manuten\u00e7\u00e3o dos benef\u00edcios at\u00e9 2027.<\/p>\n\n\n\n<p>A discuss\u00e3o refor\u00e7a a import\u00e2ncia do planejamento tribut\u00e1rio estrat\u00e9gico e da aten\u00e7\u00e3o redobrada \u00e0s decis\u00f5es dos tribunais superiores, podendo-se usar a recente decis\u00e3o do STF como importante par\u00e2metro de limita\u00e7\u00e3o ao poder de tributar, por vezes exercido de forma excessivamente penosa pelo Fisco<\/p>\n\n\n\n<p>Maria Vit\u00f3ria<br>25 de abril de 2025<\/p>\n","protected":false},"excerpt":{"rendered":"<p>O Supremo Tribunal Federal, firmou, recentemente, importante precedente para interpreta\u00e7\u00e3o das altera\u00e7\u00f5es legislativas em mat\u00e9ria tribut\u00e1ria. Segundo os Ministros do STF, os princ\u00edpios da anterioridade anual e nonagesimal, que prev\u00eaem par\u00e2metros m\u00ednimos de antecipa\u00e7\u00e3o, pelo contribuinte, \u00e0 cria\u00e7\u00e3o ou aumento de tributos tamb\u00e9m devem ser observados nos casos de revoga\u00e7\u00e3o ou redu\u00e7\u00e3o de benef\u00edcios fiscais, [&hellip;]<\/p>\n","protected":false},"author":1,"featured_media":0,"comment_status":"open","ping_status":"open","sticky":false,"template":"","format":"standard","meta":{"pagelayer_contact_templates":[],"_pagelayer_content":"","cybocfi_hide_featured_image":"","footnotes":""},"categories":[23],"tags":[],"class_list":["post-1285","post","type-post","status-publish","format-standard","hentry","category-artigos"],"_links":{"self":[{"href":"https:\/\/snadv.com.br\/novo\/wp-json\/wp\/v2\/posts\/1285","targetHints":{"allow":["GET"]}}],"collection":[{"href":"https:\/\/snadv.com.br\/novo\/wp-json\/wp\/v2\/posts"}],"about":[{"href":"https:\/\/snadv.com.br\/novo\/wp-json\/wp\/v2\/types\/post"}],"author":[{"embeddable":true,"href":"https:\/\/snadv.com.br\/novo\/wp-json\/wp\/v2\/users\/1"}],"replies":[{"embeddable":true,"href":"https:\/\/snadv.com.br\/novo\/wp-json\/wp\/v2\/comments?post=1285"}],"version-history":[{"count":1,"href":"https:\/\/snadv.com.br\/novo\/wp-json\/wp\/v2\/posts\/1285\/revisions"}],"predecessor-version":[{"id":1286,"href":"https:\/\/snadv.com.br\/novo\/wp-json\/wp\/v2\/posts\/1285\/revisions\/1286"}],"wp:attachment":[{"href":"https:\/\/snadv.com.br\/novo\/wp-json\/wp\/v2\/media?parent=1285"}],"wp:term":[{"taxonomy":"category","embeddable":true,"href":"https:\/\/snadv.com.br\/novo\/wp-json\/wp\/v2\/categories?post=1285"},{"taxonomy":"post_tag","embeddable":true,"href":"https:\/\/snadv.com.br\/novo\/wp-json\/wp\/v2\/tags?post=1285"}],"curies":[{"name":"wp","href":"https:\/\/api.w.org\/{rel}","templated":true}]}}