{"id":1278,"date":"2025-09-18T23:54:11","date_gmt":"2025-09-18T23:54:11","guid":{"rendered":"https:\/\/snadv.com.br\/novo\/?p=1278"},"modified":"2025-09-18T23:54:36","modified_gmt":"2025-09-18T23:54:36","slug":"decisao-do-stf-pode-fortalecer-seguranca-juridica-para-empresas-em-acoes-trabalhistas","status":"publish","type":"post","link":"https:\/\/snadv.com.br\/novo\/2025\/09\/18\/decisao-do-stf-pode-fortalecer-seguranca-juridica-para-empresas-em-acoes-trabalhistas\/","title":{"rendered":"Decis\u00e3o do STF pode fortalecer seguran\u00e7a jur\u00eddica para empresas em a\u00e7\u00f5es trabalhistas."},"content":{"rendered":"\n<p>Em recente decis\u00e3o, o ministro Alexandre de Moraes, do Supremo Tribunal Federal (STF), cassou ac\u00f3rd\u00e3o do TST que havia entendido que os valores indicados na peti\u00e7\u00e3o inicial de uma reclamat\u00f3ria trabalhista seriam meramente estimativos o que, na pr\u00e1tica, abria espa\u00e7o para condena\u00e7\u00f5es acima do valor pedido originalmente pelo reclamante.<\/p>\n\n\n\n<p><strong>O que isso representa para o empres\u00e1rio?<\/strong><\/p>\n\n\n\n<p>A medida sinaliza uma poss\u00edvel virada na jurisprud\u00eancia trabalhista, com forte impacto para o setor empresarial:<br>A condena\u00e7\u00e3o trabalhista poder\u00e1 ser limitada ao valor informado na peti\u00e7\u00e3o inicial, como prev\u00ea expressamente a CLT ap\u00f3s a Reforma Trabalhista (Lei n\u00ba 13.467\/2017).<\/p>\n\n\n\n<p><strong>Se esse entendimento for consolidado no STF:<\/strong><\/p>\n\n\n\n<ul class=\"wp-block-list\">\n<li>Evita surpresas or\u00e7ament\u00e1rias em a\u00e7\u00f5es trabalhistas.<\/li>\n\n\n\n<li>Facilita o provisionamento cont\u00e1bil e jur\u00eddico.<\/li>\n\n\n\n<li>Reduz o risco de condena\u00e7\u00f5es milion\u00e1rias com base em pedidos vagos ou gen\u00e9ricos.<\/li>\n\n\n\n<li>Valoriza a atua\u00e7\u00e3o estrat\u00e9gica e preventiva do jur\u00eddico interno ou terceirizado.<\/li>\n<\/ul>\n\n\n\n<p><strong>Como agir agora?<\/strong><\/p>\n\n\n\n<ul class=\"wp-block-list\">\n<li>Empresas devem orientar seus advogados a argumentar pela limita\u00e7\u00e3o da condena\u00e7\u00e3o aos valores indicados na peti\u00e7\u00e3o inicial.<\/li>\n\n\n\n<li>Reforce o uso do artigo 840, \u00a71\u00ba, da CLT como ferramenta de defesa.<\/li>\n\n\n\n<li>Acompanhe o julgamento do Recurso de Revista Repetitivo n\u00ba 35, que poder\u00e1 definir o entendimento do TST sobre o tema.<\/li>\n\n\n\n<li>Avalie a\u00e7\u00f5es de revis\u00e3o estrat\u00e9gica de processos em andamento com valores estimativos.<\/li>\n<\/ul>\n\n\n\n<p><strong>Oportunidade de padroniza\u00e7\u00e3o e redu\u00e7\u00e3o de passivos<\/strong><\/p>\n\n\n\n<p>Essa decis\u00e3o, ainda que monocr\u00e1tica e in\u00e9dita, pode se tornar precedente relevante no STF especialmente se houver outras reclama\u00e7\u00f5es constitucionais semelhantes. Trata-se de um importante avan\u00e7o na previsibilidade das rela\u00e7\u00f5es trabalhistas, refor\u00e7ando os princ\u00edpios do contradit\u00f3rio, ampla defesa e devido processo legal.<\/p>\n\n\n\n<p>Lunara Alves<br>04 de julho de 2025<\/p>\n","protected":false},"excerpt":{"rendered":"<p>Em recente decis\u00e3o, o ministro Alexandre de Moraes, do Supremo Tribunal Federal (STF), cassou ac\u00f3rd\u00e3o do TST que havia entendido que os valores indicados na peti\u00e7\u00e3o inicial de uma reclamat\u00f3ria trabalhista seriam meramente estimativos o que, na pr\u00e1tica, abria espa\u00e7o para condena\u00e7\u00f5es acima do valor pedido originalmente pelo reclamante. O que isso representa para o [&hellip;]<\/p>\n","protected":false},"author":1,"featured_media":0,"comment_status":"open","ping_status":"open","sticky":false,"template":"","format":"standard","meta":{"pagelayer_contact_templates":[],"_pagelayer_content":"","cybocfi_hide_featured_image":"","footnotes":""},"categories":[23],"tags":[],"class_list":["post-1278","post","type-post","status-publish","format-standard","hentry","category-artigos"],"_links":{"self":[{"href":"https:\/\/snadv.com.br\/novo\/wp-json\/wp\/v2\/posts\/1278","targetHints":{"allow":["GET"]}}],"collection":[{"href":"https:\/\/snadv.com.br\/novo\/wp-json\/wp\/v2\/posts"}],"about":[{"href":"https:\/\/snadv.com.br\/novo\/wp-json\/wp\/v2\/types\/post"}],"author":[{"embeddable":true,"href":"https:\/\/snadv.com.br\/novo\/wp-json\/wp\/v2\/users\/1"}],"replies":[{"embeddable":true,"href":"https:\/\/snadv.com.br\/novo\/wp-json\/wp\/v2\/comments?post=1278"}],"version-history":[{"count":1,"href":"https:\/\/snadv.com.br\/novo\/wp-json\/wp\/v2\/posts\/1278\/revisions"}],"predecessor-version":[{"id":1279,"href":"https:\/\/snadv.com.br\/novo\/wp-json\/wp\/v2\/posts\/1278\/revisions\/1279"}],"wp:attachment":[{"href":"https:\/\/snadv.com.br\/novo\/wp-json\/wp\/v2\/media?parent=1278"}],"wp:term":[{"taxonomy":"category","embeddable":true,"href":"https:\/\/snadv.com.br\/novo\/wp-json\/wp\/v2\/categories?post=1278"},{"taxonomy":"post_tag","embeddable":true,"href":"https:\/\/snadv.com.br\/novo\/wp-json\/wp\/v2\/tags?post=1278"}],"curies":[{"name":"wp","href":"https:\/\/api.w.org\/{rel}","templated":true}]}}