{"id":1256,"date":"2025-09-18T23:07:23","date_gmt":"2025-09-18T23:07:23","guid":{"rendered":"https:\/\/snadv.com.br\/novo\/?p=1256"},"modified":"2025-09-18T23:07:23","modified_gmt":"2025-09-18T23:07:23","slug":"monitoramento-das-condenacoes-em-danos-morais-em-acoes-de-massa-parametros-e-tecnicas-de-defesa","status":"publish","type":"post","link":"https:\/\/snadv.com.br\/novo\/2025\/09\/18\/monitoramento-das-condenacoes-em-danos-morais-em-acoes-de-massa-parametros-e-tecnicas-de-defesa\/","title":{"rendered":"Monitoramento das condena\u00e7\u00f5es em danos morais em a\u00e7\u00f5es de massa: par\u00e2metros e t\u00e9cnicas de defesa"},"content":{"rendered":"\n<p>No cen\u00e1rio de judicializa\u00e7\u00e3o em massa que afeta empresas do setor de telecomunica\u00e7\u00f5es, os pedidos de indeniza\u00e7\u00e3o por danos morais tornaram-se rotina. Embora muitos desses pedidos estejam baseados em situa\u00e7\u00f5es cotidianas, a estrat\u00e9gia jur\u00eddica adotada pode ser decisiva para evitar condena\u00e7\u00f5es indevidas ou valores desproporcionais.<\/p>\n\n\n\n<p>Nos \u00faltimos anos, tribunais estaduais v\u00eam consolidando crit\u00e9rios para a concess\u00e3o (ou n\u00e3o) de indeniza\u00e7\u00f5es por danos morais, especialmente em contratos de presta\u00e7\u00e3o de servi\u00e7o cont\u00ednuo, como internet, telefonia e TV por assinatura.<\/p>\n\n\n\n<p>Nos \u00faltimos anos, tribunais estaduais v\u00eam consolidando crit\u00e9rios para a concess\u00e3o (ou n\u00e3o) de indeniza\u00e7\u00f5es por danos morais, especialmente em contratos de presta\u00e7\u00e3o de servi\u00e7o cont\u00ednuo, como internet, telefonia e TV por assinatura.<\/p>\n\n\n\n<p>Nos \u00faltimos anos, tribunais estaduais v\u00eam consolidando crit\u00e9rios para a concess\u00e3o (ou n\u00e3o) de indeniza\u00e7\u00f5es por danos morais, especialmente em contratos de presta\u00e7\u00e3o de servi\u00e7o cont\u00ednuo, como internet, telefonia e TV por assinatura.<\/p>\n\n\n\n<p>Na Sefair &amp; Nascimento Advogados, adotamos uma abordagem sistematizada para o controle e enfrentamento dos pedidos de indeniza\u00e7\u00e3o por danos morais, baseada em tr\u00eas pilares estrat\u00e9gicos.<\/p>\n\n\n\n<p>Em primeiro lugar, utilizamos ferramentas de jurimetria aliadas a um banco de precedentes constantemente atualizado, que nos permite mapear os valores arbitrados em diferentes comarcas, identificar o perfil decis\u00f3rio de cada ju\u00edzo e antecipar tend\u00eancias por turma recursal ou magistrado.<\/p>\n\n\n\n<p>Nosso segundo pilar \u00e9 a elabora\u00e7\u00e3o de defesas t\u00e9cnicas robustas ainda que padronizadas, com \u00eanfase em argumentos como a inexist\u00eancia de falha grave, a aus\u00eancia de nexo causal entre o servi\u00e7o prestado e o suposto preju\u00edzo, a inexist\u00eancia de dano efetivo e a tentativa de enriquecimento sem causa por parte do demandante.<\/p>\n\n\n\n<p>Por fim, realizamos a impugna\u00e7\u00e3o estrat\u00e9gica de laudos de velocidade e capturas de tela, questionando metodologias n\u00e3o reconhecidas pela Anatel e contestando a autenticidade e confiabilidade de provas produzidas unilateralmente, sem valida\u00e7\u00e3o t\u00e9cnica.<\/p>\n\n\n\n<p>Por fim, realizamos a impugna\u00e7\u00e3o estrat\u00e9gica de laudos de velocidade e capturas de tela, questionando metodologias n\u00e3o reconhecidas pela Anatel e contestando a autenticidade e confiabilidade de provas produzidas unilateralmente, sem valida\u00e7\u00e3o t\u00e9cnica.<\/p>\n\n\n\n<p>A ado\u00e7\u00e3o dessa atua\u00e7\u00e3o preventiva, t\u00e9cnica e estruturada tem refletido diretamente nos resultados obtidos. Conseguimos reduzir significativamente o n\u00famero de condena\u00e7\u00f5es por danos morais, al\u00e9m de minimizar os valores fixados nos casos em que h\u00e1 proced\u00eancia parcial. Esse trabalho tamb\u00e9m contribui para a forma\u00e7\u00e3o de um ambiente decis\u00f3rio mais alinhado aos par\u00e2metros legais e jurisprudenciais, refor\u00e7ando a seguran\u00e7a jur\u00eddica nas rela\u00e7\u00f5es de consumo.<\/p>\n\n\n\n<p>Se quiser conhecer nosso trabalho relacionado ao contencioso de massa ou discutir teses estrat\u00e9gicas para sua base de processos, entre em contato com nossa equipe.<\/p>\n\n\n\n<p>Fernanda Dutra<br>10 de julho de 2025<\/p>\n","protected":false},"excerpt":{"rendered":"<p>No cen\u00e1rio de judicializa\u00e7\u00e3o em massa que afeta empresas do setor de telecomunica\u00e7\u00f5es, os pedidos de indeniza\u00e7\u00e3o por danos morais tornaram-se rotina. Embora muitos desses pedidos estejam baseados em situa\u00e7\u00f5es cotidianas, a estrat\u00e9gia jur\u00eddica adotada pode ser decisiva para evitar condena\u00e7\u00f5es indevidas ou valores desproporcionais. Nos \u00faltimos anos, tribunais estaduais v\u00eam consolidando crit\u00e9rios para a [&hellip;]<\/p>\n","protected":false},"author":1,"featured_media":0,"comment_status":"open","ping_status":"open","sticky":false,"template":"","format":"standard","meta":{"pagelayer_contact_templates":[],"_pagelayer_content":"","cybocfi_hide_featured_image":"","footnotes":""},"categories":[23],"tags":[],"class_list":["post-1256","post","type-post","status-publish","format-standard","hentry","category-artigos"],"_links":{"self":[{"href":"https:\/\/snadv.com.br\/novo\/wp-json\/wp\/v2\/posts\/1256","targetHints":{"allow":["GET"]}}],"collection":[{"href":"https:\/\/snadv.com.br\/novo\/wp-json\/wp\/v2\/posts"}],"about":[{"href":"https:\/\/snadv.com.br\/novo\/wp-json\/wp\/v2\/types\/post"}],"author":[{"embeddable":true,"href":"https:\/\/snadv.com.br\/novo\/wp-json\/wp\/v2\/users\/1"}],"replies":[{"embeddable":true,"href":"https:\/\/snadv.com.br\/novo\/wp-json\/wp\/v2\/comments?post=1256"}],"version-history":[{"count":1,"href":"https:\/\/snadv.com.br\/novo\/wp-json\/wp\/v2\/posts\/1256\/revisions"}],"predecessor-version":[{"id":1257,"href":"https:\/\/snadv.com.br\/novo\/wp-json\/wp\/v2\/posts\/1256\/revisions\/1257"}],"wp:attachment":[{"href":"https:\/\/snadv.com.br\/novo\/wp-json\/wp\/v2\/media?parent=1256"}],"wp:term":[{"taxonomy":"category","embeddable":true,"href":"https:\/\/snadv.com.br\/novo\/wp-json\/wp\/v2\/categories?post=1256"},{"taxonomy":"post_tag","embeddable":true,"href":"https:\/\/snadv.com.br\/novo\/wp-json\/wp\/v2\/tags?post=1256"}],"curies":[{"name":"wp","href":"https:\/\/api.w.org\/{rel}","templated":true}]}}