{"id":1247,"date":"2025-09-18T17:13:23","date_gmt":"2025-09-18T17:13:23","guid":{"rendered":"https:\/\/snadv.com.br\/novo\/?p=1247"},"modified":"2025-09-18T17:18:23","modified_gmt":"2025-09-18T17:18:23","slug":"o-que-todo-empresario-deve-saber-sobre-danos-morais-devidos-ao-empregado","status":"publish","type":"post","link":"https:\/\/snadv.com.br\/novo\/2025\/09\/18\/o-que-todo-empresario-deve-saber-sobre-danos-morais-devidos-ao-empregado\/","title":{"rendered":"O Que Todo Empres\u00e1rio Deve Saber Sobre Danos Morais Devidos ao Empregado!"},"content":{"rendered":"\n<p>Danos morais \u00e9 um tema de crescente relev\u00e2ncia no \u00e2mbito do direito do trabalho e deve ter aten\u00e7\u00e3o especial por parte dos empres\u00e1rios.<\/p>\n\n\n\n<p>Para que o empregador seja responsabilizado por danos morais, \u00e9 necess\u00e1rio que estejam presentes alguns requisitos fundamentais:<\/p>\n\n\n\n<p>1\u00ba &#8211; Ato il\u00edcito: O empregador deve praticar uma conduta que viole direitos fundamentais do trabalhador. Isso pode incluir atitudes como ass\u00e9dio, persegui\u00e7\u00e3o ou neglig\u00eancia em rela\u00e7\u00e3o \u00e0 sa\u00fade e seguran\u00e7a no trabalho.<\/p>\n\n\n\n<p>2\u00ba &#8211; Dano existente: \u00c9 preciso comprovar que o empregado sofreu algum tipo de dano psicol\u00f3gico ou emocional em decorr\u00eancia do ato il\u00edcito praticado.<\/p>\n\n\n\n<p>3\u00ba &#8211; Nexo de Causalidade: Deve ser demonstrado que o ato do empregador foi a causa direta do dano sofrido pelo trabalhador.<\/p>\n\n\n\n<p>4\u00ba &#8211; Culpa ou Dolo: O empregador pode ser responsabilizado tanto por culpa, na hip\u00f3tese de agir de forma negligente, quanto por dolo, na hip\u00f3tese de agir intencionalmente para causar o dano.<\/p>\n\n\n\n<p>A legisla\u00e7\u00e3o brasileira, por meio da Consolida\u00e7\u00e3o das Leis do Trabalho \u2013 CLT e da Constitui\u00e7\u00e3o Federal \u2013 CF\/88, assegura aos empregados o direito \u00e0 dignidade, \u00e0 integridade f\u00edsica e ps\u00edquica.<\/p>\n\n\n\n<p>A responsabilidade do empregador pode surgir em diversas situa\u00e7\u00f5es, como ass\u00e9dio moral, discrimina\u00e7\u00e3o, condi\u00e7\u00f5es de trabalho degradantes ou abusivas, entre outras.<\/p>\n\n\n\n<p>Quando um empregador comete atos ou omiss\u00f5es que resultam em sofrimento psicol\u00f3gico, constrangimento, humilha\u00e7\u00e3o ou qualquer outro tipo de les\u00e3o \u00e0 honra ou \u00e0 moral do empregado, ele pode ser responsabilizado civilmente pelos danos causados.<\/p>\n\n\n\n<p>Normalmente alguns acontecimentos, que poderiam parecer improv\u00e1veis, podem resultar em despesas judiciais, em perda de tempo e em outros fatos desagrad\u00e1veis decorrentes de a\u00e7\u00f5es judiciais propostas por ex-empregados e empregados.<\/p>\n\n\n\n<p>Exemplificando, em uma situa\u00e7\u00e3o de um acidente do trabalho, o empregador deve procurar n\u00e3o se omitir, evitando assim, que do acidente resulte sequelas para o empregado e um pedido de indeniza\u00e7\u00e3o por parte do empregado.<\/p>\n\n\n\n<p>Assim sendo, \u00e9 fundamental que o empregador assuma postura que implemente medidas preventivas, para evitar a\u00e7\u00f5es de responsabilidade civil, tais como:<\/p>\n\n\n\n<ul class=\"wp-block-list\">\n<li>Cria\u00e7\u00e3o de um ambiente de trabalho saud\u00e1vel, estabelecendo pol\u00edticas claras contra qualquer forma de ass\u00e9dio ou discrimina\u00e7\u00e3o.<\/li>\n\n\n\n<li>Treinamento constante, capacitando os gestores e gerentes para lidar com conflitos no ambiente de trabalho de forma adequada e respeitosa.<\/li>\n<\/ul>\n\n\n\n<p>Empres\u00e1rios devem estar atentos \u00e0 responsabilidade civil por danos morais, tendo em vista que o dano moral \u00e9 um fato, \u00e9 exigida uma posi\u00e7\u00e3o cautelosa do empregador e de seus prepostos em rela\u00e7\u00e3o aos subordinados, pois se extrapolarem no exerc\u00edcio regular de seu poder disciplinar poder\u00e1 causar s\u00e9rias consequ\u00eancias financeiras e reputacionais.<\/p>\n\n\n\n<p>Al\u00e9m disso, uma postura preventiva no trato com os empregados, promovendo um ambiente de trabalho \u00e9tico e respeitoso, contribui para a redu\u00e7\u00e3o de riscos e para o bem-estar geral da equipe.<\/p>\n\n\n\n<p>Drielle Vieira<br>17 de mar\u00e7o de 2025<\/p>\n","protected":false},"excerpt":{"rendered":"<p>Danos morais \u00e9 um tema de crescente relev\u00e2ncia no \u00e2mbito do direito do trabalho e deve ter aten\u00e7\u00e3o especial por parte dos empres\u00e1rios. Para que o empregador seja responsabilizado por danos morais, \u00e9 necess\u00e1rio que estejam presentes alguns requisitos fundamentais: 1\u00ba &#8211; Ato il\u00edcito: O empregador deve praticar uma conduta que viole direitos fundamentais do [&hellip;]<\/p>\n","protected":false},"author":1,"featured_media":0,"comment_status":"open","ping_status":"open","sticky":false,"template":"","format":"standard","meta":{"pagelayer_contact_templates":[],"_pagelayer_content":"","cybocfi_hide_featured_image":"","footnotes":""},"categories":[23],"tags":[],"class_list":["post-1247","post","type-post","status-publish","format-standard","hentry","category-artigos"],"_links":{"self":[{"href":"https:\/\/snadv.com.br\/novo\/wp-json\/wp\/v2\/posts\/1247","targetHints":{"allow":["GET"]}}],"collection":[{"href":"https:\/\/snadv.com.br\/novo\/wp-json\/wp\/v2\/posts"}],"about":[{"href":"https:\/\/snadv.com.br\/novo\/wp-json\/wp\/v2\/types\/post"}],"author":[{"embeddable":true,"href":"https:\/\/snadv.com.br\/novo\/wp-json\/wp\/v2\/users\/1"}],"replies":[{"embeddable":true,"href":"https:\/\/snadv.com.br\/novo\/wp-json\/wp\/v2\/comments?post=1247"}],"version-history":[{"count":1,"href":"https:\/\/snadv.com.br\/novo\/wp-json\/wp\/v2\/posts\/1247\/revisions"}],"predecessor-version":[{"id":1248,"href":"https:\/\/snadv.com.br\/novo\/wp-json\/wp\/v2\/posts\/1247\/revisions\/1248"}],"wp:attachment":[{"href":"https:\/\/snadv.com.br\/novo\/wp-json\/wp\/v2\/media?parent=1247"}],"wp:term":[{"taxonomy":"category","embeddable":true,"href":"https:\/\/snadv.com.br\/novo\/wp-json\/wp\/v2\/categories?post=1247"},{"taxonomy":"post_tag","embeddable":true,"href":"https:\/\/snadv.com.br\/novo\/wp-json\/wp\/v2\/tags?post=1247"}],"curies":[{"name":"wp","href":"https:\/\/api.w.org\/{rel}","templated":true}]}}